{"id":950,"date":"2012-11-06T16:08:54","date_gmt":"2012-11-06T16:08:54","guid":{"rendered":"http:\/\/breves.lavigilanta.info\/?p=950"},"modified":"2012-11-06T16:08:54","modified_gmt":"2012-11-06T16:08:54","slug":"y-si-se-estableciera-una-cuota-superreducida-para-los-autonomos-que-monten-un-negocio","status":"publish","type":"post","link":"https:\/\/breves.lavigilanta.info\/?p=950","title":{"rendered":"\u00bfY si se estableciera una cuota superreducida para los aut\u00f3nomos que monten un negocio?"},"content":{"rendered":"<p>via Pymesyautonomos http:\/\/www.pymesyautonomos.com\/administracion-finanzas\/y-si-se-estableciera-una-cuota-superreducida-para-los-autonomos-que-monten-un-negocio:<\/p>\n<p><img data-recalc-dims=\"1\" decoding=\"async\" alt=\"Cuota aut\u00f3nomos\" src=\"https:\/\/i0.wp.com\/img.pymesyautonomos.com\/2012\/11\/5856765375_a174570838_z.jpg\"><\/p>\n<p>Supongamos que vivieramos en un pa\u00eds en el que su Gobierno pusiera en marcha una serie de medidas que favorecieran la creaci\u00f3n de empresas. Que eso sirviera para para que la gente que tiene un proyecto no tuviera que hacer frente a una serie de gastos fijos antes de que su negocio produzca, para que esas nuevas empresas crearan empleo y, en definitiva, para dinamizar la econom\u00eda nacional. Supongamos que una de esas medidas consistiera en que o <strong>los promotores de ese negocio tuvieran que pagar una cuota superreducida de aut\u00f3nomos durante un par de a\u00f1os<\/strong>, mientras el negocio no despega. \u00bfQu\u00e9 pasar\u00eda?<\/p>\n<p>Pongamos una cuota de unos 50 euros (similar a la del Reino Unido), que esa cuota por supuesto fuera voluntaria y q<strong>ue no diera m\u00e1s derechos que los m\u00ednimos<\/strong>, s\u00f3lo a la asistencia sanitaria, sin cotizaci\u00f3n para la jubilaci\u00f3n, ni para ninguna otra contingencia. \u00bfSer\u00eda tan mala idea?<\/p>\n<\/p>\n<p>Por lo pronto es posible que mucha gente que ahora mismo est\u00e1 trabajando en negro <strong>se diera de alta<\/strong>. Tambi\u00e9n es m\u00e1s que probable que otros que no se atreven a dar el paso de emprender, por el coste que eso representa, se animaran a hacerlo y probar sin necesidad de tener un colch\u00f3n financiero excesivamente grande y excesivamente dif\u00edcil de conseguir.<\/p>\n<p>Se podr\u00eda establecer un procedimiento por el que se controle <strong>que no se haga un uso indebido de este sistema<\/strong> mediante el encadenamiento de periodos \u201cbonificados\u201d con el simple hecho de cambiar la raz\u00f3n social del negocio. Aunque en estos casos el primero que saldr\u00eda perdiendo es el propio aut\u00f3nomo porque su cotizaci\u00f3n ser\u00eda m\u00ednima y no le dar\u00eda m\u00e1s que unos derechos precarios.<\/p>\n<p>Pongamos tambi\u00e9n un control para evitar que los aut\u00f3nomos que ahora mismo est\u00e1n pagando la cuota normal puedan pasarse a la superreducida, y con ello la recaudaci\u00f3n de la Seguridad Social <strong>se vea mermada<\/strong> por una acci\u00f3n \u201cirregular\u201d. <\/p>\n<p>Pasados esos dos a\u00f1os el empresario podr\u00eda haber tenido tiempo para que su proyecto haya tenido \u00e9xito y pase a pagar la cuota normal, ya que el esp\u00edritu de la medida es <strong>ayudar s\u00f3lo en esa fase inicial<\/strong>.<\/p>\n<p>En el hipot\u00e9tico caso de que hubiera en ese pa\u00eds imaginario \u00e1lguien con un m\u00ednimo criterio para promover medidas creativas que ayudaran al desarrollo de nuevos negocios \u00bf<strong>estar\u00eda cometiendo un grave error si pusiera en marcha una actuaci\u00f3n as\u00ed<\/strong>?<\/p>\n<p>En Pymes y Aut\u00f3nomos | <a href=\"http:\/\/www.pymesyautonomos.com\/legalidad\/se-abre-la-posibilidad-de-que-los-autonomos-coticen-a-tiempo-parcial\">Se abre la posibilidad de que los aut\u00f3nomos coticen a tiempo parcial<\/a><br \/> Imagen | <a href=\"http:\/\/www.flickr.com\/photos\/59937401@N07\/5856765375\/\">Images_of_Money<\/a><\/p>\n<p><img data-recalc-dims=\"1\" loading=\"lazy\" decoding=\"async\" width=\"1\" height=\"1\" src=\"https:\/\/i0.wp.com\/weblogs.feedsportal.com\/c\/32683\/f\/502922\/s\/254a9df3\/mf.gif?resize=1%2C1\" border=\"0\"><\/p>\n<div>\n<table border=\"0\">\n<tr>\n<td valign=\"middle\"><a href=\"http:\/\/share.feedsportal.com\/viral\/sendEmail.cfm?lang=es&amp;title=%C2%BFY+si+se+estableciera+una+cuota+superreducida+para+los+aut%C3%B3nomos+que+monten+un+negocio%3F&amp;link=http%3A%2F%2Fwww.pymesyautonomos.com%2Fadministracion-finanzas%2Fy-si-se-estableciera-una-cuota-superreducida-para-los-autonomos-que-monten-un-negocio\"><img data-recalc-dims=\"1\" decoding=\"async\" src=\"https:\/\/i0.wp.com\/rss.feedsportal.com\/images\/emailthis2_es.gif\" border=\"0\"><\/a><\/td>\n<td valign=\"middle\"><a href=\"http:\/\/res.feedsportal.com\/viral\/bookmark_es.cfm?title=%C2%BFY+si+se+estableciera+una+cuota+superreducida+para+los+aut%C3%B3nomos+que+monten+un+negocio%3F&amp;link=http%3A%2F%2Fwww.pymesyautonomos.com%2Fadministracion-finanzas%2Fy-si-se-estableciera-una-cuota-superreducida-para-los-autonomos-que-monten-un-negocio\"><img data-recalc-dims=\"1\" decoding=\"async\" src=\"https:\/\/i0.wp.com\/rss.feedsportal.com\/images\/bookmark_es.gif\" border=\"0\"><\/a><\/td>\n<\/tr>\n<\/table>\n<\/div>\n<p><a href=\"http:\/\/da.feedsportal.com\/r\/148658618834\/u\/49\/f\/502922\/c\/32683\/s\/254a9df3\/kg\/325-341\/a2.htm\"><img decoding=\"async\" src=\"http:\/\/da.feedsportal.com\/r\/148658618834\/u\/49\/f\/502922\/c\/32683\/s\/254a9df3\/kg\/325-341\/a2.img\" border=\"0\"><\/a><img loading=\"lazy\" decoding=\"async\" width=\"1\" height=\"1\" src=\"http:\/\/pi.feedsportal.com\/r\/148658618834\/u\/49\/f\/502922\/c\/32683\/s\/254a9df3\/kg\/325-341\/a2t.img\" border=\"0\"><\/p>\n","protected":false},"excerpt":{"rendered":"<p>via Pymesyautonomos http:\/\/www.pymesyautonomos.com\/administracion-finanzas\/y-si-se-estableciera-una-cuota-superreducida-para-los-autonomos-que-monten-un-negocio: Supongamos que vivieramos en un pa\u00eds en el que su Gobierno pusiera en marcha una serie de [&hellip;]<\/p>\n","protected":false},"author":1,"featured_media":0,"comment_status":"open","ping_status":"open","sticky":false,"template":"","format":"standard","meta":{"site-sidebar-layout":"default","site-content-layout":"","ast-site-content-layout":"","site-content-style":"default","site-sidebar-style":"default","ast-global-header-display":"","ast-banner-title-visibility":"","ast-main-header-display":"","ast-hfb-above-header-display":"","ast-hfb-below-header-display":"","ast-hfb-mobile-header-display":"","site-post-title":"","ast-breadcrumbs-content":"","ast-featured-img":"","footer-sml-layout":"","theme-transparent-header-meta":"","adv-header-id-meta":"","stick-header-meta":"","header-above-stick-meta":"","header-main-stick-meta":"","header-below-stick-meta":"","astra-migrate-meta-layouts":"default","ast-page-background-enabled":"default","ast-page-background-meta":{"desktop":{"background-color":"var(--ast-global-color-4)","background-image":"","background-repeat":"repeat","background-position":"center center","background-size":"auto","background-attachment":"scroll","background-type":"","background-media":"","overlay-type":"","overlay-color":"","overlay-opacity":"","overlay-gradient":""},"tablet":{"background-color":"","background-image":"","background-repeat":"repeat","background-position":"center center","background-size":"auto","background-attachment":"scroll","background-type":"","background-media":"","overlay-type":"","overlay-color":"","overlay-opacity":"","overlay-gradient":""},"mobile":{"background-color":"","background-image":"","background-repeat":"repeat","background-position":"center center","background-size":"auto","background-attachment":"scroll","background-type":"","background-media":"","overlay-type":"","overlay-color":"","overlay-opacity":"","overlay-gradient":""}},"ast-content-background-meta":{"desktop":{"background-color":"var(--ast-global-color-5)","background-image":"","background-repeat":"repeat","background-position":"center center","background-size":"auto","background-attachment":"scroll","background-type":"","background-media":"","overlay-type":"","overlay-color":"","overlay-opacity":"","overlay-gradient":""},"tablet":{"background-color":"var(--ast-global-color-5)","background-image":"","background-repeat":"repeat","background-position":"center center","background-size":"auto","background-attachment":"scroll","background-type":"","background-media":"","overlay-type":"","overlay-color":"","overlay-opacity":"","overlay-gradient":""},"mobile":{"background-color":"var(--ast-global-color-5)","background-image":"","background-repeat":"repeat","background-position":"center center","background-size":"auto","background-attachment":"scroll","background-type":"","background-media":"","overlay-type":"","overlay-color":"","overlay-opacity":"","overlay-gradient":""}},"_jetpack_memberships_contains_paid_content":false,"footnotes":""},"categories":[6],"tags":[],"class_list":["post-950","post","type-post","status-publish","format-standard","hentry","category-status"],"jetpack_featured_media_url":"","jetpack_sharing_enabled":true,"_links":{"self":[{"href":"https:\/\/breves.lavigilanta.info\/index.php?rest_route=\/wp\/v2\/posts\/950","targetHints":{"allow":["GET"]}}],"collection":[{"href":"https:\/\/breves.lavigilanta.info\/index.php?rest_route=\/wp\/v2\/posts"}],"about":[{"href":"https:\/\/breves.lavigilanta.info\/index.php?rest_route=\/wp\/v2\/types\/post"}],"author":[{"embeddable":true,"href":"https:\/\/breves.lavigilanta.info\/index.php?rest_route=\/wp\/v2\/users\/1"}],"replies":[{"embeddable":true,"href":"https:\/\/breves.lavigilanta.info\/index.php?rest_route=%2Fwp%2Fv2%2Fcomments&post=950"}],"version-history":[{"count":1,"href":"https:\/\/breves.lavigilanta.info\/index.php?rest_route=\/wp\/v2\/posts\/950\/revisions"}],"predecessor-version":[{"id":951,"href":"https:\/\/breves.lavigilanta.info\/index.php?rest_route=\/wp\/v2\/posts\/950\/revisions\/951"}],"wp:attachment":[{"href":"https:\/\/breves.lavigilanta.info\/index.php?rest_route=%2Fwp%2Fv2%2Fmedia&parent=950"}],"wp:term":[{"taxonomy":"category","embeddable":true,"href":"https:\/\/breves.lavigilanta.info\/index.php?rest_route=%2Fwp%2Fv2%2Fcategories&post=950"},{"taxonomy":"post_tag","embeddable":true,"href":"https:\/\/breves.lavigilanta.info\/index.php?rest_route=%2Fwp%2Fv2%2Ftags&post=950"}],"curies":[{"name":"wp","href":"https:\/\/api.w.org\/{rel}","templated":true}]}}