{"id":1040,"date":"2013-01-14T12:30:26","date_gmt":"2013-01-14T12:30:26","guid":{"rendered":"http:\/\/breves.lavigilanta.info\/?p=1040"},"modified":"2013-01-14T12:30:26","modified_gmt":"2013-01-14T12:30:26","slug":"el-ultimo-reto-de-rato-cargarse-la-marca-movistar","status":"publish","type":"post","link":"https:\/\/breves.lavigilanta.info\/?p=1040","title":{"rendered":"El \u00faltimo reto de Rato: \u00bfcargarse la marca Movistar?"},"content":{"rendered":"<p>via javier regueira.com http:\/\/www.javierregueira.com\/reflexiones-irreverentes-sobre-marcas-y-consumidores\/2013\/01\/movistar-rato.html?utm_source=feedburner&#038;utm_medium=feed&#038;utm_campaign=Feed%3A+ReflexionesIrreverentesSobreMarcasYConsumidores+%28REFLEXIONES+IRREVERENTES+SOBRE+MARCAS+Y+CONSUMIDORES%29:<\/p>\n<p><span style=\"font-size:13pt\">Erase una vez Telef\u00f3nica<\/span><\/p>\n<p><span style=\"font-size:10pt\">Erase una vez una marca gigantesca, pero con problemas.<\/span><\/p>\n<p><span style=\"font-size:10pt\">Heredera de una empresa p\u00fablica, burocr\u00e1tica, conservadora y hasta casposa. \u00a0Deb\u00eda competir en el mercado de la telefon\u00eda con marcas internacionales, cosmpolitas, j\u00f3venes y din\u00e1micas como Orange y Vodafone. \u00a0Y con marcas low cost, transparentes, sencillas y n\u00edtidas, como Yoigo, Amena&#8230; \u00a0<\/span><\/p>\n<p><span style=\"font-size:10pt\">Esta guerra no le iba demasiado bien. \u00a0Seg\u00fan el <a href=\"http:\/\/cmtdata.cmt.es\/cmtdata\/jsp\/inf_trim.jsp?tipo=2\">\u00faltimo dato oficial publicado (CMT), en los \u00faltimos 24 meses hab\u00eda perdido la friolera de 2.800.000 clientes<\/a>.<\/span><\/p>\n<p><span style=\"font-size:10pt\">Esa marca era Telef\u00f3nica. \u00a0Y hoy pretende ser Movistar y &#8220;<a href=\"http:\/\/www.expansion.com\/blogs\/uriondo\/2013\/01\/07\/un-mal-rato-para-telefonica.html\">transformar a sus clientes en fans&#8221; (C\u00e9sar Alierta dixit)<\/a>.<\/span><\/p>\n<p><span style=\"font-size:10pt\">Para ello:<\/span><\/p>\n<ul>\n<li><span style=\"font-size:small\"><strong>Invierte m\u00e1s de 100 millones de euros anuales en publicidad<\/strong>, seg\u00fan Infoadex.<\/span><\/li>\n<li><span style=\"font-size:small\"><strong>Patrocina el principal equipo ciclista espa\u00f1ol, varios equipos del mundial de motos, teatros\u00a0como el Real de Madrid, el Liceu de Barcelona y el Palau de Les Arts de Valencia, espacios culturales<\/strong> como el Museo del Prado o el Guggenheim y muchos proyectos m\u00e1s de \u00e1mbito regional y local.<\/span><\/li>\n<li><span style=\"font-size:small\">Apoya a j\u00f3venes empresarios a trav\u00e9s de su iniciativa <strong><a href=\"http:\/\/telefonicamoviles.gio.etsit.upm.es\/catedra\/2012\/02\/telefonica-alcanza-las-5-092-start-ups-en-el-plan-wayra\/\">Wayra <\/a>(m\u00e1s de 5 millones<\/strong> euros de inversi\u00f3n).<\/span><\/li>\n<li><span style=\"font-size:10pt\">Intenta sacar el cuello el agua con productos innovadores como <strong><a href=\"http:\/\/www.expansion.com\/blogs\/uriondo\/2012\/10\/02\/ante-fusion-estupor-y-temblores.html\">Movistar Fusi\u00f3n<\/a><\/strong> con el fin de fidelizar a sus clientes (el reto siempre pendiente) <strong>y desprenderse de esa reputaci\u00f3n de ser los m\u00e1s caros<\/strong>, pero no los mejores.<\/span><\/li>\n<\/ul>\n<p><span style=\"font-size:10pt\">Simult\u00e1neamente, su incomprensible Consejo de Administraci\u00f3n liderado por el mismo Alierta (por razones que ni siquiera\u00a0<a href=\"http:\/\/www.expansion.com\/blogs\/uriondo\/2013\/01\/07\/un-mal-rato-para-telefonica.html\">la prensa econ\u00f3mica logra entender<\/a>), <strong>decide contratar al ex-Ministro y ex-m\u00e1ximo responsable de las cuentas &#8220;maleables&#8221; de Bankia<\/strong> (entidad primero rentable, a las 24 horas en quiebra, luego expulsada del Ibex 35 y ahora nacionalizada) <strong>Rodrigo Rato<\/strong>, por el <a href=\"http:\/\/www.lasexta.com\/noticias\/economia\/criticas-fichaje-rato-telefonica_2013010500025.html\">m\u00f3dico salario de 200.000 euros anuales<\/a>. \u00a0 <\/span><\/p>\n<p><span style=\"font-size:10pt\">No pretendo juzgar a Rato, sino exponer los hechos y sus consecuencias para la marca Movistar.<\/span><\/p>\n<p><span style=\"font-size:13pt\">Rato retratado en las Redes Sociales<\/span><\/p>\n<p><span style=\"font-size:10pt\">La indignaci\u00f3n por el nombramiento provoca inmediatamente que el nombre de <a href=\"http:\/\/www.elmundo.es\/elmundo\/2013\/01\/04\/economia\/1357323998.html\">Rodrigo Rato, as\u00ed como los de Bankia y Telef\u00f3nica se conviertan en\u00a0TT\u00b4s en Twitter<\/a>.<\/span><\/p>\n<p><span style=\"font-size:10pt\"><br \/>\n<a href=\"http:\/\/www.javierregueira.com\/.a\/6a0120a53d3266970b017d3fab40a5970c-pi\" style=\"display:inline\"><img decoding=\"async\" alt=\"Rato 1\" src=\"http:\/\/www.javierregueira.com\/.a\/6a0120a53d3266970b017d3fab40a5970c-500wi\" title=\"Rato 1\"><\/a><br \/><span style=\"font-size:10pt\">Foto: <\/span><a href=\"http:\/\/www.teleafonica.net\" style=\"font-size:10pt\">www.teleafonica.net<\/a><\/p>\n<p><\/span><\/p>\n<p><span style=\"font-size:13pt\">Escuchar a una marca con auriculares<\/span><\/p>\n<p><span style=\"font-size:10pt\">El modelo en el que los marketinianos siempre hemos cre\u00eddo (porque era el que m\u00e1s nos conven\u00eda) se parece a escuchar m\u00fasica con auriculares.<\/span><\/p>\n<p><span style=\"font-size:10pt\">El consumidor est\u00e1 expuesto a un mont\u00f3n de ruido desde que se levanta hasta que se acuesta. \u00a0<strong>Pero pensamos que s\u00f3lo escuchar\u00e1, y s\u00f3lo incorporar\u00e1 al posicionamiento que la marca tiene en su mente, aquellos mensajes &#8220;oficiales&#8221; que nuestra marca controla:<\/strong> los anuncios, los eventos, los patrocinios, la actividad en redes sociales&#8230; <\/span><\/p>\n<p><span style=\"font-size:10pt\">Y pensamos que lo dem\u00e1s simplemente lo ignorar\u00e1. \u00a0<\/span><\/p>\n<p><span style=\"font-size:13pt\"><strong>O escuchar a una marca con sonido ambiente<\/strong><\/span><\/p>\n<p><span style=\"font-size:10pt\">La realidad es que el ruido que nos rodea no se puede eliminar con unos auriculares. \u00a0En una sociedad con tal vor\u00e1gine de comunicaci\u00f3n, <strong>el posicionamiento de una marca no solo es consecuencia de la versi\u00f3n oficial de \u00e9sta que su propietario quiere dar. \u00a0Sino que se ve afectado por todo lo que hay alrededor, incluida cualquier noticia que nos llegue procedente de los medios o de otros consumidores.<\/strong><\/span><\/p>\n<p><span style=\"font-size:10pt\">Como la noticia del nombramiento de Rodrigo Rato.<\/span><\/p>\n<p><span style=\"font-size:10pt\">Veo este anuncio e intento decodificar el tipo de valores que Movistar quiere proyectar: juventud, dinamismo, participaci\u00f3n, alegr\u00eda, en definitiva: una marca social con la que los usuarios se relacionan con total normalidad. \u00a0Tiene sentido.<\/span><\/p>\n<p><span style=\"font-size:10pt\"><iframe loading=\"lazy\" frameborder=\"0\" height=\"281\" src=\"http:\/\/www.youtube.com\/embed\/VDVC-o4R9NI?feature=oembed\" width=\"500\"><\/iframe>\u00a0<\/span><\/p>\n<p><span style=\"font-size:10pt\">Pero no funciona si al minuto siguiente recibo est\u00edmulos que construyen en la direcci\u00f3n contraria, como el nombramiento de Rodrigo Rato. \u00a0<strong>Porque entonces lo que me llega es una marca falsa o esquizofr\u00e9nica (no s\u00e9 lo que es peor) que quiz\u00e1 no quiera en mi vida<\/strong>&#8230; porque tengo alternativas mejores.<\/span><\/p>\n<p><span style=\"font-size:10pt\">Pienso en el nombramiento de Rato y me imagino la alegr\u00eda con la que habr\u00e1 recibido la noticia la gente de Marketing en Movistar (iron\u00eda). \u00a0Porque <strong>los valores que esta noticia proyecta son los propios de una organizaci\u00f3n <em>interesada\u00a0<\/em>que vive de espaldas a quien deber\u00eda ser su \u00fanico epicentro: el consumidor.<\/strong><\/span><\/p>\n<p><span style=\"font-size:13pt\">Se\u00f1or Alierta:<\/span><\/p>\n<p><span style=\"font-size:10pt\">(Extensible a todos los dem\u00e1s responsables de haber tomado la decisi\u00f3n de contratar a Rodrigo Rato): <strong>TODO COMUNICA, no s\u00f3lo los anuncios que su marca paga por producir y airear.<\/strong> \u00a0Ap\u00fantese a un curso de Branding, ll\u00e1meme y yo le recomiendo varias Escuelas de primer nivel. \u00a0O llame a su gente de marca (que seguro que saben bastante del tema) antes de tomar decisiones de este tipo.<\/span><\/p>\n<p><span style=\"font-size:10pt\"><br \/><\/span><\/p>\n<p><span style=\"font-size:13pt\">Si te ha gustado este art\u00edculo, quiz\u00e1 te interese:<\/span><\/p>\n<ul>\n<li><a href=\"http:\/\/www.javierregueira.com\/reflexiones-irreverentes-sobre-marcas-y-consumidores\/2012\/10\/marcas-comiendo.html\" style=\"font-size:10pt\">Las marcas se est\u00e1n comiendo a la publicidad.<\/a><\/li>\n<li><a href=\"http:\/\/www.javierregueira.com\/reflexiones-irreverentes-sobre-marcas-y-consumidores\/2010\/11\/si-quieres-desarrollar-tu-marca-cierra-la-boca-a-tu-presidente.html\" style=\"font-size:10pt\">Si quieres desarrollar tu marca, cierra la boca a tu presidente<\/a><\/li>\n<\/ul>\n<p><span style=\"font-size:10pt\"><br \/><\/span><\/p>\n<div>\n<a href=\"http:\/\/feeds.feedburner.com\/~ff\/ReflexionesIrreverentesSobreMarcasYConsumidores?a=yKi39TwpLu4:XtlY--hFaKA:yIl2AUoC8zA\"><img decoding=\"async\" src=\"http:\/\/feeds.feedburner.com\/~ff\/ReflexionesIrreverentesSobreMarcasYConsumidores?d=yIl2AUoC8zA\" border=\"0\"><\/a> <a href=\"http:\/\/feeds.feedburner.com\/~ff\/ReflexionesIrreverentesSobreMarcasYConsumidores?a=yKi39TwpLu4:XtlY--hFaKA:qj6IDK7rITs\"><img decoding=\"async\" src=\"http:\/\/feeds.feedburner.com\/~ff\/ReflexionesIrreverentesSobreMarcasYConsumidores?d=qj6IDK7rITs\" border=\"0\"><\/a> <a href=\"http:\/\/feeds.feedburner.com\/~ff\/ReflexionesIrreverentesSobreMarcasYConsumidores?a=yKi39TwpLu4:XtlY--hFaKA:F7zBnMyn0Lo\"><img decoding=\"async\" src=\"http:\/\/feeds.feedburner.com\/~ff\/ReflexionesIrreverentesSobreMarcasYConsumidores?i=yKi39TwpLu4:XtlY--hFaKA:F7zBnMyn0Lo\" border=\"0\"><\/a> <a href=\"http:\/\/feeds.feedburner.com\/~ff\/ReflexionesIrreverentesSobreMarcasYConsumidores?a=yKi39TwpLu4:XtlY--hFaKA:V_sGLiPBpWU\"><img decoding=\"async\" src=\"http:\/\/feeds.feedburner.com\/~ff\/ReflexionesIrreverentesSobreMarcasYConsumidores?i=yKi39TwpLu4:XtlY--hFaKA:V_sGLiPBpWU\" border=\"0\"><\/a>\n<\/div>\n<p><img loading=\"lazy\" decoding=\"async\" src=\"http:\/\/feeds.feedburner.com\/~r\/ReflexionesIrreverentesSobreMarcasYConsumidores\/~4\/yKi39TwpLu4\" height=\"1\" width=\"1\"><\/p>\n","protected":false},"excerpt":{"rendered":"<p>via javier regueira.com http:\/\/www.javierregueira.com\/reflexiones-irreverentes-sobre-marcas-y-consumidores\/2013\/01\/movistar-rato.html?utm_source=feedburner&#038;utm_medium=feed&#038;utm_campaign=Feed%3A+ReflexionesIrreverentesSobreMarcasYConsumidores+%28REFLEXIONES+IRREVERENTES+SOBRE+MARCAS+Y+CONSUMIDORES%29: Erase una vez Telef\u00f3nica Erase una vez una marca gigantesca, pero con problemas. Heredera de una [&hellip;]<\/p>\n","protected":false},"author":1,"featured_media":0,"comment_status":"open","ping_status":"open","sticky":false,"template":"","format":"standard","meta":{"site-sidebar-layout":"default","site-content-layout":"","ast-site-content-layout":"","site-content-style":"default","site-sidebar-style":"default","ast-global-header-display":"","ast-banner-title-visibility":"","ast-main-header-display":"","ast-hfb-above-header-display":"","ast-hfb-below-header-display":"","ast-hfb-mobile-header-display":"","site-post-title":"","ast-breadcrumbs-content":"","ast-featured-img":"","footer-sml-layout":"","theme-transparent-header-meta":"","adv-header-id-meta":"","stick-header-meta":"","header-above-stick-meta":"","header-main-stick-meta":"","header-below-stick-meta":"","astra-migrate-meta-layouts":"default","ast-page-background-enabled":"default","ast-page-background-meta":{"desktop":{"background-color":"var(--ast-global-color-4)","background-image":"","background-repeat":"repeat","background-position":"center center","background-size":"auto","background-attachment":"scroll","background-type":"","background-media":"","overlay-type":"","overlay-color":"","overlay-opacity":"","overlay-gradient":""},"tablet":{"background-color":"","background-image":"","background-repeat":"repeat","background-position":"center center","background-size":"auto","background-attachment":"scroll","background-type":"","background-media":"","overlay-type":"","overlay-color":"","overlay-opacity":"","overlay-gradient":""},"mobile":{"background-color":"","background-image":"","background-repeat":"repeat","background-position":"center center","background-size":"auto","background-attachment":"scroll","background-type":"","background-media":"","overlay-type":"","overlay-color":"","overlay-opacity":"","overlay-gradient":""}},"ast-content-background-meta":{"desktop":{"background-color":"var(--ast-global-color-5)","background-image":"","background-repeat":"repeat","background-position":"center center","background-size":"auto","background-attachment":"scroll","background-type":"","background-media":"","overlay-type":"","overlay-color":"","overlay-opacity":"","overlay-gradient":""},"tablet":{"background-color":"var(--ast-global-color-5)","background-image":"","background-repeat":"repeat","background-position":"center center","background-size":"auto","background-attachment":"scroll","background-type":"","background-media":"","overlay-type":"","overlay-color":"","overlay-opacity":"","overlay-gradient":""},"mobile":{"background-color":"var(--ast-global-color-5)","background-image":"","background-repeat":"repeat","background-position":"center center","background-size":"auto","background-attachment":"scroll","background-type":"","background-media":"","overlay-type":"","overlay-color":"","overlay-opacity":"","overlay-gradient":""}},"_jetpack_memberships_contains_paid_content":false,"footnotes":""},"categories":[6],"tags":[],"class_list":["post-1040","post","type-post","status-publish","format-standard","hentry","category-status"],"jetpack_featured_media_url":"","jetpack_sharing_enabled":true,"_links":{"self":[{"href":"https:\/\/breves.lavigilanta.info\/index.php?rest_route=\/wp\/v2\/posts\/1040","targetHints":{"allow":["GET"]}}],"collection":[{"href":"https:\/\/breves.lavigilanta.info\/index.php?rest_route=\/wp\/v2\/posts"}],"about":[{"href":"https:\/\/breves.lavigilanta.info\/index.php?rest_route=\/wp\/v2\/types\/post"}],"author":[{"embeddable":true,"href":"https:\/\/breves.lavigilanta.info\/index.php?rest_route=\/wp\/v2\/users\/1"}],"replies":[{"embeddable":true,"href":"https:\/\/breves.lavigilanta.info\/index.php?rest_route=%2Fwp%2Fv2%2Fcomments&post=1040"}],"version-history":[{"count":0,"href":"https:\/\/breves.lavigilanta.info\/index.php?rest_route=\/wp\/v2\/posts\/1040\/revisions"}],"wp:attachment":[{"href":"https:\/\/breves.lavigilanta.info\/index.php?rest_route=%2Fwp%2Fv2%2Fmedia&parent=1040"}],"wp:term":[{"taxonomy":"category","embeddable":true,"href":"https:\/\/breves.lavigilanta.info\/index.php?rest_route=%2Fwp%2Fv2%2Fcategories&post=1040"},{"taxonomy":"post_tag","embeddable":true,"href":"https:\/\/breves.lavigilanta.info\/index.php?rest_route=%2Fwp%2Fv2%2Ftags&post=1040"}],"curies":[{"name":"wp","href":"https:\/\/api.w.org\/{rel}","templated":true}]}}